{"id":39469,"date":"2026-08-31T14:41:05","date_gmt":"2026-08-31T12:41:05","guid":{"rendered":"https:\/\/warsztatykultury.pl\/photography-studio-from-100-years-ago-visit-the-hartwig-alley-in-september\/"},"modified":"2026-08-31T14:41:06","modified_gmt":"2026-08-31T12:41:06","slug":"photography-studio-from-100-years-ago-visit-the-hartwig-alley-in-september","status":"publish","type":"post","link":"https:\/\/warsztatykultury.pl\/en\/photography-studio-from-100-years-ago-visit-the-hartwig-alley-in-september\/","title":{"rendered":"Photography Studio from 100 years ago | visit the Hartwig Alley in September"},"content":{"rendered":"<p><div class=\"fusion-fullwidth fullwidth-box fusion-builder-row-1 has-pattern-background has-mask-background nonhundred-percent-fullwidth non-hundred-percent-height-scrolling\" style=\"--awb-border-radius-top-left:0px;--awb-border-radius-top-right:0px;--awb-border-radius-bottom-right:0px;--awb-border-radius-bottom-left:0px;--awb-padding-top:0px;--awb-padding-right:7%;--awb-padding-bottom:0px;--awb-padding-left:7%;--awb-margin-top:0px;--awb-margin-bottom:1%;--awb-flex-wrap:wrap;\" ><div class=\"fusion-builder-row fusion-row\"><div class=\"fusion-layout-column fusion_builder_column fusion-builder-column-0 fusion_builder_column_1_1 1_1 fusion-one-full fusion-column-first fusion-column-last\" style=\"--awb-bg-size:cover;\"><div class=\"fusion-column-wrapper fusion-column-has-shadow fusion-flex-column-wrapper-legacy\"><div class=\"fusion-sep-clear\"><\/div><div class=\"fusion-separator fusion-full-width-sep\" style=\"margin-left: auto;margin-right: auto;width:100%;\"><div class=\"fusion-separator-border sep-single sep-solid\" style=\"--awb-height:20px;--awb-amount:20px;border-color:#000000;border-top-width:3px;\"><\/div><\/div><div class=\"fusion-sep-clear\"><\/div><div class=\"fusion-clearfix\"><\/div><\/div><\/div><\/div><\/div><div class=\"fusion-fullwidth fullwidth-box fusion-builder-row-2 fusion-flex-container has-pattern-background has-mask-background nonhundred-percent-fullwidth non-hundred-percent-height-scrolling\" style=\"--awb-border-radius-top-left:0px;--awb-border-radius-top-right:0px;--awb-border-radius-bottom-right:0px;--awb-border-radius-bottom-left:0px;--awb-padding-top:13px;--awb-padding-right:20px;--awb-padding-bottom:2%;--awb-padding-left:20px;--awb-padding-top-small:0px;--awb-padding-right-small:7px;--awb-padding-left-small:0px;--awb-margin-top:2%;--awb-margin-bottom:0px;--awb-margin-top-small:2.4688px;--awb-flex-wrap:wrap;\" ><div class=\"fusion-builder-row fusion-row fusion-flex-align-items-center fusion-flex-justify-content-center fusion-flex-content-wrap\" style=\"max-width:calc( 1920px + 2em );margin-left: calc(-2em \/ 2 );margin-right: calc(-2em \/ 2 );\"><div class=\"fusion-layout-column fusion_builder_column fusion-builder-column-1 fusion-flex-column fusion-flex-align-self-flex-start\" style=\"--awb-padding-left:10px;--awb-padding-left-small:0px;--awb-bg-size:cover;--awb-width-large:23%;--awb-margin-top-large:5px;--awb-spacing-right-large:calc( -0.43478260869565 * calc( 100% - 2em ) );--awb-margin-bottom-large:0px;--awb-spacing-left-large:1em;--awb-width-medium:100%;--awb-order-medium:0;--awb-spacing-right-medium:1em;--awb-spacing-left-medium:1em;--awb-width-small:84%;--awb-order-small:0;--awb-spacing-right-small:0px;--awb-spacing-left-small:0px;\"><div class=\"fusion-column-wrapper fusion-column-has-shadow fusion-flex-justify-content-flex-start fusion-content-layout-column\"><div class=\"fusion-image-element \" style=\"--awb-caption-title-font-family:var(--h2_typography-font-family);--awb-caption-title-font-weight:var(--h2_typography-font-weight);--awb-caption-title-font-style:var(--h2_typography-font-style);--awb-caption-title-size:var(--h2_typography-font-size);--awb-caption-title-transform:var(--h2_typography-text-transform);--awb-caption-title-line-height:var(--h2_typography-line-height);--awb-caption-title-letter-spacing:var(--h2_typography-letter-spacing);\"><span class=\" fusion-imageframe imageframe-none imageframe-1 hover-type-none\"><img decoding=\"async\" width=\"1920\" height=\"1005\" alt=\"Starszy m\u0119\u017cczyzna robi zdj\u0119cie aparatem sprzed 100 lat.\" title=\"roman2_prawie_hd\" src=\"https:\/\/warsztatykultury.pl\/wp-content\/uploads\/2025\/12\/roman2_prawie_hd.webp\" data-orig-src=\"https:\/\/warsztatykultury.pl\/wp-content\/uploads\/2025\/12\/roman2_prawie_hd.webp\" class=\"lazyload img-responsive wp-image-34575\" srcset=\"data:image\/svg+xml,%3Csvg%20xmlns%3D%27http%3A%2F%2Fwww.w3.org%2F2000%2Fsvg%27%20width%3D%271920%27%20height%3D%271005%27%20viewBox%3D%270%200%201920%201005%27%3E%3Crect%20width%3D%271920%27%20height%3D%271005%27%20fill-opacity%3D%220%22%2F%3E%3C%2Fsvg%3E\" data-srcset=\"https:\/\/warsztatykultury.pl\/wp-content\/uploads\/2025\/12\/roman2_prawie_hd-200x105.webp 200w, https:\/\/warsztatykultury.pl\/wp-content\/uploads\/2025\/12\/roman2_prawie_hd-400x209.webp 400w, https:\/\/warsztatykultury.pl\/wp-content\/uploads\/2025\/12\/roman2_prawie_hd-500x262.webp 500w, https:\/\/warsztatykultury.pl\/wp-content\/uploads\/2025\/12\/roman2_prawie_hd-600x314.webp 600w, https:\/\/warsztatykultury.pl\/wp-content\/uploads\/2025\/12\/roman2_prawie_hd-768x402.webp 768w, https:\/\/warsztatykultury.pl\/wp-content\/uploads\/2025\/12\/roman2_prawie_hd-800x419.webp 800w, https:\/\/warsztatykultury.pl\/wp-content\/uploads\/2025\/12\/roman2_prawie_hd-1200x628.webp 1200w, https:\/\/warsztatykultury.pl\/wp-content\/uploads\/2025\/12\/roman2_prawie_hd-1536x804.webp 1536w, https:\/\/warsztatykultury.pl\/wp-content\/uploads\/2025\/12\/roman2_prawie_hd.webp 1920w\" data-sizes=\"auto\" data-orig-sizes=\"(max-width: 1024px) 100vw, (max-width: 640px) 100vw, 600px\" \/><\/span><\/div><div ><a class=\"fusion-button button-flat button-large button-default fusion-button-default button-1 fusion-button-span-yes fusion-button-default-type\" style=\"--button_margin-top:2%;\" target=\"_blank\" rel=\"noopener noreferrer\" href=\"https:\/\/www.facebook.com\/WarsztatyKultury\/events\"><span class=\"fusion-button-text\">I&#8217;m going!<\/span><\/a><\/div><\/div><\/div><div class=\"fusion-layout-column fusion_builder_column fusion-builder-column-2 fusion_builder_column_2_3 2_3 fusion-flex-column fusion-flex-align-self-flex-start\" style=\"--awb-padding-top:1px;--awb-padding-right:20px;--awb-padding-bottom:10px;--awb-padding-left:15px;--awb-padding-right-small:0px;--awb-padding-left-small:0px;--awb-bg-size:cover;--awb-width-large:66.666666666667%;--awb-margin-top-large:0px;--awb-spacing-right-large:0px;--awb-margin-bottom-large:0px;--awb-spacing-left-large:42px;--awb-width-medium:100%;--awb-order-medium:0;--awb-spacing-right-medium:1em;--awb-spacing-left-medium:1em;--awb-width-small:100%;--awb-order-small:0;--awb-margin-top-small:11px;--awb-spacing-right-small:0px;--awb-spacing-left-small:0px;\"><div class=\"fusion-column-wrapper fusion-column-has-shadow fusion-flex-justify-content-flex-end fusion-content-layout-column\"><div class=\"fusion-text fusion-text-1 awb-text-cols fusion-text-columns-2\" style=\"--awb-font-size:16px;--awb-line-height:1.4;--awb-letter-spacing:0.30px;--awb-columns:2;--awb-column-spacing:5em;--awb-column-min-width:250px;--awb-margin-top:2%;--awb-margin-right:10%;--awb-margin-left:10%;\"><h2>Programme for September 2026<\/h2>\n<p>September 3, 4, 10, 11, 17, 18, 24, 25, 2026 | <strong><a href=\"https:\/\/warsztatykultury.pl\/en\/wydarzenia\/a-photographic-atelier-from-100-years-ago-tour-photography-studio-september-2026\/\" target=\"_blank\" rel=\"noopener\">A photographic atelier from 100 years ago \u2013 tour<\/a><br \/>\n<\/strong>September 5, 2026 | <strong><a href=\"https:\/\/warsztatykultury.pl\/en\/wydarzenia\/ambrotype-silver-on-glass-photography-studio-september-2026\/\" target=\"_blank\" rel=\"noopener\">Ambrotype \u2013 silver on glass<\/a><\/strong><br \/>\nSeptember 19, 2026 | <strong><a href=\"https:\/\/warsztatykultury.pl\/en\/wydarzenia\/talbotype-salted-paper-process-photography-studio-september-2026\/\" target=\"_blank\" rel=\"noopener\">Talbotype \u2013 salted paper process<\/a><\/strong><br \/>\nSeptember 26, 2026 | <a href=\"https:\/\/warsztatykultury.pl\/en\/wydarzenia\/contact-prints-photography-with-soul-photography-studio-september-2026\/\" target=\"_blank\" rel=\"noopener\"><strong>Contact prints \u2013 photography with soul<\/strong><\/a><\/p>\n<h2><a href=\"https:\/\/warsztatykultury.pl\/en\/wydarzenia\/a-photographic-atelier-from-100-years-ago-tour-photography-studio-september-2026\/\" target=\"_blank\" rel=\"noopener\">A photographic atelier from 100 years ago \u2013 tour<\/a><\/h2>\n<p>Visit the Photography Studio in the Hartwig Alley and travel back in time a hundred years. Discover the secrets of historical photographic processes and see what the everyday work of a photographer looked like at the turn of the 20th century.<\/p>\n<p>In Lublin\u2019s Hartwig Alley, you will find a small Photography Studio run by Roman Krawczenko \u2013 a photographer and artist specializing in historical photographic processes. During your visit to this unique place, you will discover how a historic photographic atelier operated and what the work of a photographer and darkroom technician involved more than a century ago. The studio also offers a unique opportunity to have your portrait taken on glass using the collodion process.<\/p>\n<p><strong>When:<\/strong> September 3, 4, 10, 11, 17, 18, 24, 25, 2026, 11:50-15:50<br \/>\n<strong>Where:<\/strong> Photography Studio, the Hartwig Alley, Kowalska 3<br \/>\n<strong>Admission free<\/strong><\/p>\n<h2><a href=\"https:\/\/warsztatykultury.pl\/en\/wydarzenia\/ambrotype-silver-on-glass-photography-studio-september-2026\/\" target=\"_blank\" rel=\"noopener\">Ambrotype \u2013 silver on glass<\/a><\/h2>\n<p>Join us for a photography workshop in the wet plate collodion photography technique (ambrotype). Ambrotype (from the Greek for \u201cimmortal picture\u201d) is one of the earliest positive photographic processes, used since 1851. It allows a single, unique image to be created, with no possibility of making prints. Such a portrait on glass can become a keepsake for generations to come \u2013 the photograph can survive intact for as long as 180 years!<\/p>\n<p>The workshop will take place in a small group, allowing each participant to work independently with the technique, ask questions freely and receive individual support. The workshop is also suitable for people with no previous photography experience.<\/p>\n<p>The workshop will be led by Roman Krawczenko \u2013 a well-known and respected historian, photographer and educator from Ukraine. Since 2015, he has run the Photography Studio in the Hartwig Alley. The artist not only creates photographs using alternative photographic processes, but also restores their memory and shows successive generations how photographs were made in the past. During a visit to Mr Roman, you do not simply pose in front of the lens \u2013 above all, you learn about the history of photography, see how cameras from the turn of the 20th century work, and take a look inside a darkroom. Under the guidance of an experienced photographer, you can also take part in developing your own photograph.<\/p>\n<p><strong>When:<\/strong> September 5, 2026, 11:00-13:30<br \/>\n<strong>Where:<\/strong> Photography Studio, the Hartwig Alley, Kowalska 3<br \/>\n<strong>For:<\/strong> adults<br \/>\n<strong>Registration: via the <a role=\"link\" href=\"https:\/\/docs.google.com\/forms\/d\/e\/1FAIpQLSchxUpRRAEZuUtU_cUI95w7-3VgwiVCmlE2tu0jVj3abDP83g\/viewform\" target=\"_blank\" rel=\"noopener\">online form<\/a><br \/>\n<\/strong><strong>Participation fee:<\/strong> 50 z\u0142<br \/>\nPlaces are limited and allocated on a first-come, first-served basis<\/p>\n<h2><a href=\"https:\/\/warsztatykultury.pl\/en\/wydarzenia\/talbotype-salted-paper-process-photography-studio-september-2026\/\" target=\"_blank\" rel=\"noopener\">Talbotype \u2013 salted paper process<\/a><\/h2>\n<p>The talbotype process was pioneered in 1839 by William Fox Talbot. During the workshop, participants will prepare their own light-sensitive photographic paper using, among other things, salt, gelatin, citric acid, silver nitrate and watercolor paper. They will then use the prepared salted paper to make UV-exposed prints by placing a negative featuring a view of Lublin on top. The photograph is just as durable as prints made using silver-based processes. It has a reddish-brown tone and a thin layer of natural wax that gives the photograph a delicate sheen. After the workshop, participants can take their photograph home.<\/p>\n<p>The workshop will take place in a small group, allowing each participant to work independently with the technique, ask questions freely and receive individual support. The workshop is also suitable for people with no previous photography experience.<\/p>\n<p>The workshop will be led by Roman Krawczenko \u2013 a well-known and respected historian, photographer and educator from Ukraine. Since 2015, he has run the Photography Studio in the Hartwig Alley. The artist not only creates photographs using alternative photographic processes, but also restores their memory and shows successive generations how photographs were made in the past. During a visit to Mr Roman, you do not simply pose in front of the lens \u2013 above all, you learn about the history of photography, see how cameras from the turn of the 20th century work, and take a look inside a darkroom. Under the guidance of an experienced photographer, you can also take part in developing your own photograph.<\/p>\n<p><strong>When:<\/strong> September 19, 2026, 11:00-13:30<br \/>\n<strong>Where:<\/strong> Photography Studio, the Hartwig Alley, Kowalska 3<br \/>\n<strong>For:<\/strong> adults<br \/>\n<strong>Registration: via the <a role=\"link\" href=\"https:\/\/docs.google.com\/forms\/d\/e\/1FAIpQLSd9tPb--qfYS9JRRA-aIKINB1Z8cqvGdVOPfBPZ3dLvthUH1Q\/viewform\" target=\"_blank\" rel=\"noopener\">online form<\/a><br \/>\n<\/strong><strong>Participation fee:<\/strong> 30 z\u0142<br \/>\nPlaces are limited and allocated on a first-come, first-served basis<\/p>\n<h2><a href=\"https:\/\/warsztatykultury.pl\/en\/wydarzenia\/contact-prints-photography-with-soul-photography-studio-september-2026\/\" target=\"_blank\" rel=\"noopener\">Contact prints \u2013 photography with soul<\/a><\/h2>\n<p>Here is a unique opportunity to take part in a professional photography session. In the intimate setting of the Photography Studio, we will create portraits using one of the oldest photographic techniques, dating back to the early 20th century \u2013 contact prints. At the end of the visit, each person will receive two prints of their photographs. Such photographs are not only a beautiful keepsake from an extraordinary encounter, but also an original and one-of-a-kind gift.<\/p>\n<p>The workshop will take place in a small group, allowing each participant to work independently with the technique, ask questions freely and receive individual support. The workshop is also suitable for people with no previous photography experience.<\/p>\n<p>The workshop will be led by Roman Krawczenko \u2013 a well-known and respected historian, photographer and educator from Ukraine. Since 2015, he has run the Photography Studio in the Hartwig Alley. The artist not only creates photographs using alternative photographic processes, but also restores their memory and shows successive generations how photographs were made in the past. During a visit to Mr Roman, you do not simply pose in front of the lens \u2013 above all, you learn about the history of photography, see how cameras from the turn of the 20th century work, and take a look inside a darkroom. Under the guidance of an experienced photographer, you can also take part in developing your own photograph.<\/p>\n<p><strong>When:<\/strong> September 26, 2026, 11:00-13:30<br \/>\n<strong>Where:<\/strong> Photography Studio, the Hartwig Alley, Kowalska 3<br \/>\n<strong>For:<\/strong> adults<br \/>\n<strong>Registration: via the <a role=\"link\" href=\"https:\/\/docs.google.com\/forms\/d\/e\/1FAIpQLSe1R3Zi85g70mWkrXSHeAfnxdJesZYYkhrVA6TGdOvaPXuN5g\/viewform\" target=\"_blank\" rel=\"noopener\">online form<\/a><\/strong><br \/>\n<strong>Participation fee:<\/strong> 20 z\u0142<br \/>\nPlaces are limited and allocated on a first-come, first-served basis<\/p>\n<h2>More information<\/h2>\n<p><a href=\"https:\/\/docs.google.com\/document\/d\/1NXWs-3r5NTJITVb2Bx2MGx-lKZrTxM1Z\/edit?usp=sharing\" target=\"_blank\" rel=\"noopener\"><strong>Terms of Service<\/strong><\/a><\/p>\n<p><strong>A discount is available when registering for all 3 paid workshops! <\/strong>The total participation fee is then only 85 z\u0142 per person. Workshops included in the discount:<\/p>\n<ul>\n<li>September 5, 2026 | <strong><a href=\"https:\/\/warsztatykultury.pl\/en\/wydarzenia\/ambrotype-silver-on-glass-photography-studio-september-2026\/\" target=\"_blank\" rel=\"noopener\">Ambrotype \u2013 silver on glass<\/a><\/strong><\/li>\n<li>September 19, 2026 | <strong><a href=\"https:\/\/warsztatykultury.pl\/en\/wydarzenia\/talbotype-salted-paper-process-photography-studio-september-2026\/\" target=\"_blank\" rel=\"noopener\">Talbotype \u2013 salted paper process<\/a><\/strong><\/li>\n<li>September 26, 2026 | <a href=\"https:\/\/warsztatykultury.pl\/en\/wydarzenia\/contact-prints-photography-with-soul-photography-studio-september-2026\/\" target=\"_blank\" rel=\"noopener\"><strong>Contact prints \u2013 photography with soul<\/strong><\/a><\/li>\n<\/ul>\n<p>The Photography Studio is a partner of the Sezon Lublin 2026 programme. By taking part in the workshops, you can earn a sticker from the <strong>Viewer<\/strong> category. Collect stickers and receive prizes \u2013 for more information, visit <a href=\"http:\/\/sezon.lublin.eu\" target=\"_blank\" rel=\"noopener\"><strong>sezon.lublin.eu<\/strong><\/a>.<\/p>\n<p><a href=\"https:\/\/miastoinspiracji.lublin.eu\/sezon-lublin\/jak-dziala-sezon-lublin\/\"><img decoding=\"async\" class=\"alignnone lazyloaded\" src=\"https:\/\/warsztatykultury.pl\/wp-content\/uploads\/2026\/06\/sl26_partner_1920x1080_15062026.png\" alt=\"\" width=\"1920\" height=\"1080\" data-orig-src=\"https:\/\/warsztatykultury.pl\/wp-content\/uploads\/2026\/06\/sl26_partner_1920x1080_15062026.png\" \/><\/a><\/p>\n<h2>Accessibility<\/h2>\n<ul>\n<li>Guided visits are available in Polish and Ukrainian.<\/li>\n<li>The event takes place in a venue that is not architecturally accessible.<\/li>\n<li>Check how to get there \u2013 <a href=\"https:\/\/www.youtube.com\/watch?v=0tCu88ASM_Y\" target=\"_blank\" rel=\"noopener\"><strong>watch the video<\/strong><\/a>.<\/li>\n<li><a href=\"https:\/\/warsztatykultury.pl\/en\/accessibility-info\/\" target=\"_blank\" rel=\"noopener\"><strong>Read about the accessibility of the Workshops of Culture here.<\/strong><\/a><\/li>\n<li>Your individual participation needs: <a href=\"https:\/\/forms.gle\/h9h1Pymro8BPd3hi9\"><strong>fill out the form<\/strong><\/a>.<\/li>\n<\/ul>\n<\/div><\/div><\/div><\/div><\/div><div class=\"fusion-fullwidth fullwidth-box fusion-builder-row-3 nonhundred-percent-fullwidth non-hundred-percent-height-scrolling\" style=\"--awb-border-radius-top-left:0px;--awb-border-radius-top-right:0px;--awb-border-radius-bottom-right:0px;--awb-border-radius-bottom-left:0px;--awb-padding-right:4%;--awb-padding-bottom:0%;--awb-padding-left:5%;--awb-margin-top:0px;--awb-flex-wrap:wrap;\" ><div class=\"fusion-builder-row fusion-row\"><div class=\"fusion-layout-column fusion_builder_column fusion-builder-column-3 fusion_builder_column_1_1 1_1 fusion-one-full fusion-column-first fusion-column-last\" style=\"--awb-bg-size:cover;--awb-margin-top:13px;\"><div class=\"fusion-column-wrapper fusion-column-has-shadow fusion-flex-column-wrapper-legacy\"><div class=\"fusion-sep-clear\"><\/div><div class=\"fusion-separator fusion-full-width-sep\" style=\"margin-left: auto;margin-right: auto;width:100%;\"><div class=\"fusion-separator-border sep-single\" style=\"--awb-height:20px;--awb-amount:20px;border-color:#000000;border-top-width:3px;\"><\/div><\/div><div class=\"fusion-sep-clear\"><\/div><div class=\"fusion-clearfix\"><\/div><\/div><\/div><\/div><\/div><div class=\"fusion-fullwidth fullwidth-box fusion-builder-row-4 nonhundred-percent-fullwidth non-hundred-percent-height-scrolling\" style=\"--awb-border-radius-top-left:0px;--awb-border-radius-top-right:0px;--awb-border-radius-bottom-right:0px;--awb-border-radius-bottom-left:0px;--awb-padding-top:0%;--awb-padding-right:7%;--awb-padding-bottom:0%;--awb-padding-left:7%;--awb-margin-top:0px;--awb-margin-bottom:0px;--awb-flex-wrap:wrap;\" ><div class=\"fusion-builder-row fusion-row\"><div class=\"fusion-layout-column fusion_builder_column fusion-builder-column-4 fusion_builder_column_1_1 1_1 fusion-one-full fusion-column-first fusion-column-last\" style=\"--awb-bg-size:cover;--awb-margin-top:22px;--awb-margin-bottom:17px;\"><div class=\"fusion-column-wrapper fusion-column-has-shadow fusion-flex-column-wrapper-legacy\"><div class=\"fusion-aligncenter\"><a class=\"fusion-button button-flat button-medium button-default fusion-button-default button-2 fusion-button-span-no fusion-button-default-type\" style=\"--button_text_transform:uppercase;\" target=\"_self\" href=\"https:\/\/warsztatykultury.pl\/en\/news\/\"><span class=\"fusion-button-text\">more news <\/span><\/a><\/div><div class=\"fusion-clearfix\"><\/div><\/div><\/div><\/div><\/div><div class=\"fusion-fullwidth fullwidth-box fusion-builder-row-5 nonhundred-percent-fullwidth non-hundred-percent-height-scrolling\" style=\"--awb-border-radius-top-left:0px;--awb-border-radius-top-right:0px;--awb-border-radius-bottom-right:0px;--awb-border-radius-bottom-left:0px;--awb-padding-right:2%;--awb-padding-left:5%;--awb-margin-top:0px;--awb-flex-wrap:wrap;\" ><div class=\"fusion-builder-row fusion-row\"><div class=\"fusion-layout-column fusion_builder_column fusion-builder-column-5 fusion_builder_column_1_1 1_1 fusion-one-full fusion-column-first fusion-column-last\" style=\"--awb-bg-size:cover;\"><div class=\"fusion-column-wrapper fusion-column-has-shadow fusion-flex-column-wrapper-legacy\"><div class=\"fusion-sep-clear\"><\/div><div class=\"fusion-separator fusion-full-width-sep\" style=\"margin-left: auto;margin-right: auto;width:100%;\"><div class=\"fusion-separator-border sep-single\" style=\"--awb-height:20px;--awb-amount:20px;border-color:#000000;border-top-width:3px;\"><\/div><\/div><div class=\"fusion-sep-clear\"><\/div><div class=\"fusion-clearfix\"><\/div><\/div><\/div><\/div><\/div><\/p>\n","protected":false},"excerpt":{"rendered":"","protected":false},"author":22,"featured_media":34575,"comment_status":"closed","ping_status":"open","sticky":false,"template":"","format":"standard","meta":{"_acf_changed":false,"ngg_post_thumbnail":0,"footnotes":""},"categories":[160],"tags":[],"class_list":["post-39469","post","type-post","status-publish","format-standard","has-post-thumbnail","hentry","category-photography-studio"],"acf":[],"yoast_head":"<!-- This site is optimized with the Yoast SEO plugin v22.0 - https:\/\/yoast.com\/wordpress\/plugins\/seo\/ -->\n<title>Photography Studio from 100 years ago | visit the Hartwig Alley in September - Warsztaty Kultury<\/title>\n<meta name=\"robots\" content=\"index, follow, max-snippet:-1, max-image-preview:large, max-video-preview:-1\" \/>\n<link rel=\"canonical\" href=\"https:\/\/warsztatykultury.pl\/pl\/warsztat-fotograficzny-sprzed-100-lat-odwiedz-zaulek-hartwigow-we-wrzesniu\/\" \/>\n<meta property=\"og:locale\" content=\"en_US\" \/>\n<meta property=\"og:type\" content=\"article\" \/>\n<meta property=\"og:title\" content=\"Photography Studio from 100 years ago | visit the Hartwig Alley in September - Warsztaty Kultury\" \/>\n<meta property=\"og:url\" content=\"https:\/\/warsztatykultury.pl\/pl\/warsztat-fotograficzny-sprzed-100-lat-odwiedz-zaulek-hartwigow-we-wrzesniu\/\" \/>\n<meta property=\"og:site_name\" content=\"Warsztaty Kultury\" \/>\n<meta property=\"article:publisher\" content=\"https:\/\/www.facebook.com\/WarsztatyKultury\/\" \/>\n<meta property=\"article:published_time\" content=\"2026-08-31T12:41:05+00:00\" \/>\n<meta property=\"article:modified_time\" content=\"2026-08-31T12:41:06+00:00\" \/>\n<meta property=\"og:image\" content=\"https:\/\/warsztatykultury.pl\/wp-content\/uploads\/2025\/12\/roman2_prawie_hd.webp\" \/>\n\t<meta property=\"og:image:width\" content=\"1920\" \/>\n\t<meta property=\"og:image:height\" content=\"1005\" \/>\n\t<meta property=\"og:image:type\" content=\"image\/webp\" \/>\n<meta name=\"author\" content=\"Monika B\u0142aszczak\" \/>\n<meta name=\"twitter:card\" content=\"summary_large_image\" \/>\n<meta name=\"twitter:label1\" content=\"Written by\" \/>\n\t<meta name=\"twitter:data1\" content=\"Monika B\u0142aszczak\" \/>\n\t<meta name=\"twitter:label2\" content=\"Est. reading time\" \/>\n\t<meta name=\"twitter:data2\" content=\"20 minutes\" \/>\n<script type=\"application\/ld+json\" class=\"yoast-schema-graph\">{\"@context\":\"https:\/\/schema.org\",\"@graph\":[{\"@type\":\"Article\",\"@id\":\"https:\/\/warsztatykultury.pl\/pl\/warsztat-fotograficzny-sprzed-100-lat-odwiedz-zaulek-hartwigow-we-wrzesniu\/#article\",\"isPartOf\":{\"@id\":\"https:\/\/warsztatykultury.pl\/pl\/warsztat-fotograficzny-sprzed-100-lat-odwiedz-zaulek-hartwigow-we-wrzesniu\/\"},\"author\":{\"name\":\"Monika B\u0142aszczak\",\"@id\":\"https:\/\/warsztatykultury.pl\/pl\/#\/schema\/person\/bcd74a3cb82ab78c0a39a455a2518d44\"},\"headline\":\"Photography Studio from 100 years ago | visit the Hartwig Alley in September\",\"datePublished\":\"2026-08-31T12:41:05+00:00\",\"dateModified\":\"2026-08-31T12:41:06+00:00\",\"mainEntityOfPage\":{\"@id\":\"https:\/\/warsztatykultury.pl\/pl\/warsztat-fotograficzny-sprzed-100-lat-odwiedz-zaulek-hartwigow-we-wrzesniu\/\"},\"wordCount\":4044,\"publisher\":{\"@id\":\"https:\/\/warsztatykultury.pl\/pl\/#organization\"},\"articleSection\":[\"Photography Studio\"],\"inLanguage\":\"en-US\"},{\"@type\":\"WebPage\",\"@id\":\"https:\/\/warsztatykultury.pl\/pl\/warsztat-fotograficzny-sprzed-100-lat-odwiedz-zaulek-hartwigow-we-wrzesniu\/\",\"url\":\"https:\/\/warsztatykultury.pl\/pl\/warsztat-fotograficzny-sprzed-100-lat-odwiedz-zaulek-hartwigow-we-wrzesniu\/\",\"name\":\"Photography Studio from 100 years ago | visit the Hartwig Alley in September - Warsztaty Kultury\",\"isPartOf\":{\"@id\":\"https:\/\/warsztatykultury.pl\/pl\/#website\"},\"datePublished\":\"2026-08-31T12:41:05+00:00\",\"dateModified\":\"2026-08-31T12:41:06+00:00\",\"breadcrumb\":{\"@id\":\"https:\/\/warsztatykultury.pl\/pl\/warsztat-fotograficzny-sprzed-100-lat-odwiedz-zaulek-hartwigow-we-wrzesniu\/#breadcrumb\"},\"inLanguage\":\"en-US\",\"potentialAction\":[{\"@type\":\"ReadAction\",\"target\":[\"https:\/\/warsztatykultury.pl\/pl\/warsztat-fotograficzny-sprzed-100-lat-odwiedz-zaulek-hartwigow-we-wrzesniu\/\"]}]},{\"@type\":\"BreadcrumbList\",\"@id\":\"https:\/\/warsztatykultury.pl\/pl\/warsztat-fotograficzny-sprzed-100-lat-odwiedz-zaulek-hartwigow-we-wrzesniu\/#breadcrumb\",\"itemListElement\":[{\"@type\":\"ListItem\",\"position\":1,\"name\":\"Strona g\u0142\u00f3wna\",\"item\":\"https:\/\/warsztatykultury.pl\/pl\/\"},{\"@type\":\"ListItem\",\"position\":2,\"name\":\"Photography Studio from 100 years ago | visit the Hartwig Alley in September\"}]},{\"@type\":\"WebSite\",\"@id\":\"https:\/\/warsztatykultury.pl\/pl\/#website\",\"url\":\"https:\/\/warsztatykultury.pl\/pl\/\",\"name\":\"Warsztaty Kultury\",\"description\":\"\",\"publisher\":{\"@id\":\"https:\/\/warsztatykultury.pl\/pl\/#organization\"},\"potentialAction\":[{\"@type\":\"SearchAction\",\"target\":{\"@type\":\"EntryPoint\",\"urlTemplate\":\"https:\/\/warsztatykultury.pl\/pl\/?s={search_term_string}\"},\"query-input\":\"required name=search_term_string\"}],\"inLanguage\":\"en-US\"},{\"@type\":\"Organization\",\"@id\":\"https:\/\/warsztatykultury.pl\/pl\/#organization\",\"name\":\"Warsztaty Kultury w Lublinie\",\"url\":\"https:\/\/warsztatykultury.pl\/pl\/\",\"logo\":{\"@type\":\"ImageObject\",\"inLanguage\":\"en-US\",\"@id\":\"https:\/\/warsztatykultury.pl\/pl\/#\/schema\/logo\/image\/\",\"url\":\"https:\/\/warsztatykultury.pl\/wp-content\/uploads\/2020\/05\/LogoWKRetina-e1589382721171.png\",\"contentUrl\":\"https:\/\/warsztatykultury.pl\/wp-content\/uploads\/2020\/05\/LogoWKRetina-e1589382721171.png\",\"width\":700,\"height\":112,\"caption\":\"Warsztaty Kultury w Lublinie\"},\"image\":{\"@id\":\"https:\/\/warsztatykultury.pl\/pl\/#\/schema\/logo\/image\/\"},\"sameAs\":[\"https:\/\/www.facebook.com\/WarsztatyKultury\/\",\"https:\/\/www.instagram.com\/warsztatykultury\/?hl=pl\",\"https:\/\/www.youtube.com\/user\/WarsztatyKultury\",\"https:\/\/pl.wikipedia.org\/wiki\/Warsztaty_Kultury\"]},{\"@type\":\"Person\",\"@id\":\"https:\/\/warsztatykultury.pl\/pl\/#\/schema\/person\/bcd74a3cb82ab78c0a39a455a2518d44\",\"name\":\"Monika B\u0142aszczak\",\"image\":{\"@type\":\"ImageObject\",\"inLanguage\":\"en-US\",\"@id\":\"https:\/\/warsztatykultury.pl\/pl\/#\/schema\/person\/image\/\",\"url\":\"https:\/\/secure.gravatar.com\/avatar\/49857142b3a53b9a917726c362a9ecdf?s=96&d=mm&r=g\",\"contentUrl\":\"https:\/\/secure.gravatar.com\/avatar\/49857142b3a53b9a917726c362a9ecdf?s=96&d=mm&r=g\",\"caption\":\"Monika B\u0142aszczak\"}}]}<\/script>\n<!-- \/ Yoast SEO plugin. -->","yoast_head_json":{"title":"Photography Studio from 100 years ago | visit the Hartwig Alley in September - Warsztaty Kultury","robots":{"index":"index","follow":"follow","max-snippet":"max-snippet:-1","max-image-preview":"max-image-preview:large","max-video-preview":"max-video-preview:-1"},"canonical":"https:\/\/warsztatykultury.pl\/pl\/warsztat-fotograficzny-sprzed-100-lat-odwiedz-zaulek-hartwigow-we-wrzesniu\/","og_locale":"en_US","og_type":"article","og_title":"Photography Studio from 100 years ago | visit the Hartwig Alley in September - Warsztaty Kultury","og_url":"https:\/\/warsztatykultury.pl\/pl\/warsztat-fotograficzny-sprzed-100-lat-odwiedz-zaulek-hartwigow-we-wrzesniu\/","og_site_name":"Warsztaty Kultury","article_publisher":"https:\/\/www.facebook.com\/WarsztatyKultury\/","article_published_time":"2026-08-31T12:41:05+00:00","article_modified_time":"2026-08-31T12:41:06+00:00","og_image":[{"width":1920,"height":1005,"url":"https:\/\/warsztatykultury.pl\/wp-content\/uploads\/2025\/12\/roman2_prawie_hd.webp","type":"image\/webp"}],"author":"Monika B\u0142aszczak","twitter_card":"summary_large_image","twitter_misc":{"Written by":"Monika B\u0142aszczak","Est. reading time":"20 minutes"},"schema":{"@context":"https:\/\/schema.org","@graph":[{"@type":"Article","@id":"https:\/\/warsztatykultury.pl\/pl\/warsztat-fotograficzny-sprzed-100-lat-odwiedz-zaulek-hartwigow-we-wrzesniu\/#article","isPartOf":{"@id":"https:\/\/warsztatykultury.pl\/pl\/warsztat-fotograficzny-sprzed-100-lat-odwiedz-zaulek-hartwigow-we-wrzesniu\/"},"author":{"name":"Monika B\u0142aszczak","@id":"https:\/\/warsztatykultury.pl\/pl\/#\/schema\/person\/bcd74a3cb82ab78c0a39a455a2518d44"},"headline":"Photography Studio from 100 years ago | visit the Hartwig Alley in September","datePublished":"2026-08-31T12:41:05+00:00","dateModified":"2026-08-31T12:41:06+00:00","mainEntityOfPage":{"@id":"https:\/\/warsztatykultury.pl\/pl\/warsztat-fotograficzny-sprzed-100-lat-odwiedz-zaulek-hartwigow-we-wrzesniu\/"},"wordCount":4044,"publisher":{"@id":"https:\/\/warsztatykultury.pl\/pl\/#organization"},"articleSection":["Photography Studio"],"inLanguage":"en-US"},{"@type":"WebPage","@id":"https:\/\/warsztatykultury.pl\/pl\/warsztat-fotograficzny-sprzed-100-lat-odwiedz-zaulek-hartwigow-we-wrzesniu\/","url":"https:\/\/warsztatykultury.pl\/pl\/warsztat-fotograficzny-sprzed-100-lat-odwiedz-zaulek-hartwigow-we-wrzesniu\/","name":"Photography Studio from 100 years ago | visit the Hartwig Alley in September - Warsztaty Kultury","isPartOf":{"@id":"https:\/\/warsztatykultury.pl\/pl\/#website"},"datePublished":"2026-08-31T12:41:05+00:00","dateModified":"2026-08-31T12:41:06+00:00","breadcrumb":{"@id":"https:\/\/warsztatykultury.pl\/pl\/warsztat-fotograficzny-sprzed-100-lat-odwiedz-zaulek-hartwigow-we-wrzesniu\/#breadcrumb"},"inLanguage":"en-US","potentialAction":[{"@type":"ReadAction","target":["https:\/\/warsztatykultury.pl\/pl\/warsztat-fotograficzny-sprzed-100-lat-odwiedz-zaulek-hartwigow-we-wrzesniu\/"]}]},{"@type":"BreadcrumbList","@id":"https:\/\/warsztatykultury.pl\/pl\/warsztat-fotograficzny-sprzed-100-lat-odwiedz-zaulek-hartwigow-we-wrzesniu\/#breadcrumb","itemListElement":[{"@type":"ListItem","position":1,"name":"Strona g\u0142\u00f3wna","item":"https:\/\/warsztatykultury.pl\/pl\/"},{"@type":"ListItem","position":2,"name":"Photography Studio from 100 years ago | visit the Hartwig Alley in September"}]},{"@type":"WebSite","@id":"https:\/\/warsztatykultury.pl\/pl\/#website","url":"https:\/\/warsztatykultury.pl\/pl\/","name":"Warsztaty Kultury","description":"","publisher":{"@id":"https:\/\/warsztatykultury.pl\/pl\/#organization"},"potentialAction":[{"@type":"SearchAction","target":{"@type":"EntryPoint","urlTemplate":"https:\/\/warsztatykultury.pl\/pl\/?s={search_term_string}"},"query-input":"required name=search_term_string"}],"inLanguage":"en-US"},{"@type":"Organization","@id":"https:\/\/warsztatykultury.pl\/pl\/#organization","name":"Warsztaty Kultury w Lublinie","url":"https:\/\/warsztatykultury.pl\/pl\/","logo":{"@type":"ImageObject","inLanguage":"en-US","@id":"https:\/\/warsztatykultury.pl\/pl\/#\/schema\/logo\/image\/","url":"https:\/\/warsztatykultury.pl\/wp-content\/uploads\/2020\/05\/LogoWKRetina-e1589382721171.png","contentUrl":"https:\/\/warsztatykultury.pl\/wp-content\/uploads\/2020\/05\/LogoWKRetina-e1589382721171.png","width":700,"height":112,"caption":"Warsztaty Kultury w Lublinie"},"image":{"@id":"https:\/\/warsztatykultury.pl\/pl\/#\/schema\/logo\/image\/"},"sameAs":["https:\/\/www.facebook.com\/WarsztatyKultury\/","https:\/\/www.instagram.com\/warsztatykultury\/?hl=pl","https:\/\/www.youtube.com\/user\/WarsztatyKultury","https:\/\/pl.wikipedia.org\/wiki\/Warsztaty_Kultury"]},{"@type":"Person","@id":"https:\/\/warsztatykultury.pl\/pl\/#\/schema\/person\/bcd74a3cb82ab78c0a39a455a2518d44","name":"Monika B\u0142aszczak","image":{"@type":"ImageObject","inLanguage":"en-US","@id":"https:\/\/warsztatykultury.pl\/pl\/#\/schema\/person\/image\/","url":"https:\/\/secure.gravatar.com\/avatar\/49857142b3a53b9a917726c362a9ecdf?s=96&d=mm&r=g","contentUrl":"https:\/\/secure.gravatar.com\/avatar\/49857142b3a53b9a917726c362a9ecdf?s=96&d=mm&r=g","caption":"Monika B\u0142aszczak"}}]}},"_links":{"self":[{"href":"https:\/\/warsztatykultury.pl\/en\/wp-json\/wp\/v2\/posts\/39469","targetHints":{"allow":["GET"]}}],"collection":[{"href":"https:\/\/warsztatykultury.pl\/en\/wp-json\/wp\/v2\/posts"}],"about":[{"href":"https:\/\/warsztatykultury.pl\/en\/wp-json\/wp\/v2\/types\/post"}],"author":[{"embeddable":true,"href":"https:\/\/warsztatykultury.pl\/en\/wp-json\/wp\/v2\/users\/22"}],"replies":[{"embeddable":true,"href":"https:\/\/warsztatykultury.pl\/en\/wp-json\/wp\/v2\/comments?post=39469"}],"version-history":[{"count":3,"href":"https:\/\/warsztatykultury.pl\/en\/wp-json\/wp\/v2\/posts\/39469\/revisions"}],"predecessor-version":[{"id":39472,"href":"https:\/\/warsztatykultury.pl\/en\/wp-json\/wp\/v2\/posts\/39469\/revisions\/39472"}],"wp:featuredmedia":[{"embeddable":true,"href":"https:\/\/warsztatykultury.pl\/en\/wp-json\/wp\/v2\/media\/34575"}],"wp:attachment":[{"href":"https:\/\/warsztatykultury.pl\/en\/wp-json\/wp\/v2\/media?parent=39469"}],"wp:term":[{"taxonomy":"category","embeddable":true,"href":"https:\/\/warsztatykultury.pl\/en\/wp-json\/wp\/v2\/categories?post=39469"},{"taxonomy":"post_tag","embeddable":true,"href":"https:\/\/warsztatykultury.pl\/en\/wp-json\/wp\/v2\/tags?post=39469"}],"curies":[{"name":"wp","href":"https:\/\/api.w.org\/{rel}","templated":true}]}}